{"id":518,"count":1,"description":"","link":"https:\/\/eduepa.uepa.br\/?tag=atuacao-profissional-em-educacao-fisica","name":"Atua\u00e7\u00e3o Profissional em Educa\u00e7\u00e3o F\u00edsica","slug":"atuacao-profissional-em-educacao-fisica","taxonomy":"post_tag","meta":[],"_links":{"self":[{"href":"https:\/\/eduepa.uepa.br\/index.php?rest_route=\/wp\/v2\/tags\/518","targetHints":{"allow":["GET"]}}],"collection":[{"href":"https:\/\/eduepa.uepa.br\/index.php?rest_route=\/wp\/v2\/tags"}],"about":[{"href":"https:\/\/eduepa.uepa.br\/index.php?rest_route=\/wp\/v2\/taxonomies\/post_tag"}],"wp:post_type":[{"href":"https:\/\/eduepa.uepa.br\/index.php?rest_route=%2Fwp%2Fv2%2Fposts&tags=518"}],"curies":[{"name":"wp","href":"https:\/\/api.w.org\/{rel}","templated":true}]}}