{"id":3636,"date":"2026-09-03T11:23:05","date_gmt":"2026-09-03T14:23:05","guid":{"rendered":"https:\/\/eduepa.uepa.br\/?p=3636"},"modified":"2026-09-03T11:23:25","modified_gmt":"2026-09-03T14:23:25","slug":"narrativas-biograficas-de-mulheres-negras-2","status":"publish","type":"post","link":"https:\/\/eduepa.uepa.br\/?p=3636","title":{"rendered":"Narrativas Biogr\u00e1ficas de Mulheres Negras"},"content":{"rendered":"\n<figure class=\"wp-block-image aligncenter size-large\"><img loading=\"lazy\" decoding=\"async\" width=\"683\" height=\"1024\" src=\"https:\/\/eduepa.uepa.br\/wp-content\/uploads\/2026\/09\/Narrativas-Biograficas-de-Mulheres-Negras-683x1024.png\" alt=\"\" class=\"wp-image-3635\" srcset=\"https:\/\/eduepa.uepa.br\/wp-content\/uploads\/2026\/09\/Narrativas-Biograficas-de-Mulheres-Negras-683x1024.png 683w, https:\/\/eduepa.uepa.br\/wp-content\/uploads\/2026\/09\/Narrativas-Biograficas-de-Mulheres-Negras-200x300.png 200w, https:\/\/eduepa.uepa.br\/wp-content\/uploads\/2026\/09\/Narrativas-Biograficas-de-Mulheres-Negras-768x1152.png 768w, https:\/\/eduepa.uepa.br\/wp-content\/uploads\/2026\/09\/Narrativas-Biograficas-de-Mulheres-Negras-1024x1536.png 1024w, https:\/\/eduepa.uepa.br\/wp-content\/uploads\/2026\/09\/Narrativas-Biograficas-de-Mulheres-Negras-1365x2048.png 1365w, https:\/\/eduepa.uepa.br\/wp-content\/uploads\/2026\/09\/Narrativas-Biograficas-de-Mulheres-Negras.png 1500w\" sizes=\"auto, (max-width: 683px) 100vw, 683px\" \/><\/figure>\n\n\n\n<p class=\"has-text-align-center wp-block-paragraph\"><em>Creusa Barbosa dos Santos Trindade, Ilma Pastana Ferreira, Marco Ant\u00f4nio da Costa Camelo, Maria de F\u00e1tima Pinheiro Carrera (Org.)<\/em><\/p>\n\n\n\n<p class=\"wp-block-paragraph\">Em <strong>Narrativas Biogr\u00e1ficas de Mulheres Negras<\/strong>, a mem\u00f3ria individual \u00e9 articulada como categoria de an\u00e1lise social e hist\u00f3rica. Organizada por Maria de F\u00e1tima Pinheiro Carrera, Ilma Pastana Ferreira e Marco Ant\u00f4nio da Costa Camelo, a colet\u00e2nea re\u00fane dez relatos de educadoras e intelectuais negras da Amaz\u00f4nia paraense, utilizando o conceito de \u201cescreviv\u00eancia\u201d como fio condutor metodol\u00f3gico.<\/p>\n\n\n\n<p class=\"wp-block-paragraph\">A obra transcende o registro biogr\u00e1fico convencional ao situar as trajet\u00f3rias dessas mulheres na interse\u00e7\u00e3o entre ra\u00e7a, g\u00eanero e classe. Os textos documentam o percurso de forma\u00e7\u00e3o acad\u00eamica e profissional em um cen\u00e1rio marcado por assimetrias estruturais, revelando como a identidade negra e amaz\u00f4nica se constitui n\u00e3o apenas como heran\u00e7a, mas como posicionamento pol\u00edtico e epistemol\u00f3gico. Das ra\u00edzes familiares \u00e0s salas de aula universit\u00e1rias, o livro mapeia a constru\u00e7\u00e3o de uma intelectualidade que desafia a invisibilidade hist\u00f3rica.<\/p>\n\n\n\n<p class=\"wp-block-paragraph\">Trata-se de um documento fundamental para a compreens\u00e3o da hist\u00f3ria da educa\u00e7\u00e3o na regi\u00e3o, oferecendo um contraponto \u00e0s narrativas hegem\u00f4nicas e evidenciando o papel das mulheres negras na produ\u00e7\u00e3o do conhecimento e na transforma\u00e7\u00e3o do espa\u00e7o educacional.<\/p>\n\n\n\n<p class=\"wp-block-paragraph\">A obra \u00e9 leitura obrigat\u00f3ria para quem busca compreender as din\u00e2micas sociais da Amaz\u00f4nia contempor\u00e2nea para al\u00e9m dos estere\u00f3tipos. Ao documentar a ascens\u00e3o intelectual de mulheres negras em espa\u00e7os de poder e saber, o livro preenche uma lacuna historiogr\u00e1fica significativa, oferecendo subs\u00eddios essenciais para pesquisadores, educadores e gestores comprometidos com uma an\u00e1lise cr\u00edtica e plural da sociedade brasileira.<\/p>\n\n\n\n<figure class=\"wp-block-table is-style-stripes\"><table class=\"has-fixed-layout\"><tbody><tr><td>ISBN:<\/td><td><a href=\"https:\/\/www.cblservicos.org.br\/servicos\/meus-livros\/visualizar\/?id=021f1960-8c2a-f011-8c4e-00224836a1f3\" target=\"_blank\" rel=\"noopener\">978-85-8458-073-6<\/a><\/td><\/tr><tr><td>N\u00ba de p\u00e1ginas:<\/td><td>234<\/td><\/tr><tr><td>Formato:<\/td><td>16x23cm<\/td><\/tr><tr><td>Pre\u00e7o de venda:<\/td><td><strong>R$ 45,00<\/strong><\/td><\/tr><\/tbody><\/table><\/figure>\n\n\n<div class=\"taxonomy-post_tag wp-block-post-terms\"><a href=\"https:\/\/eduepa.uepa.br\/?tag=educacao-antirracista\" rel=\"tag\">Educa\u00e7\u00e3o Antirracista<\/a><span class=\"wp-block-post-terms__separator\">, <\/span><a href=\"https:\/\/eduepa.uepa.br\/?tag=escrevivencia\" rel=\"tag\">Escreviv\u00eancia<\/a><span class=\"wp-block-post-terms__separator\">, <\/span><a href=\"https:\/\/eduepa.uepa.br\/?tag=historia-da-educacao-no-para\" rel=\"tag\">Hist\u00f3ria da Educa\u00e7\u00e3o no Par\u00e1<\/a><span class=\"wp-block-post-terms__separator\">, <\/span><a href=\"https:\/\/eduepa.uepa.br\/?tag=identidade-e-genero\" rel=\"tag\">Identidade e G\u00eanero<\/a><span class=\"wp-block-post-terms__separator\">, <\/span><a href=\"https:\/\/eduepa.uepa.br\/?tag=intelectuais-negras\" rel=\"tag\">Intelectuais Negras<\/a><span class=\"wp-block-post-terms__separator\">, <\/span><a href=\"https:\/\/eduepa.uepa.br\/?tag=mulheres-negras-na-amazonia\" rel=\"tag\">Mulheres Negras na Amaz\u00f4nia<\/a><span class=\"wp-block-post-terms__separator\">, <\/span><a href=\"https:\/\/eduepa.uepa.br\/?tag=narrativas-biograficas\" rel=\"tag\">Narrativas Biogr\u00e1ficas<\/a><span class=\"wp-block-post-terms__separator\">, <\/span><a href=\"https:\/\/eduepa.uepa.br\/?tag=relacoes-etnico-raciais\" rel=\"tag\">Rela\u00e7\u00f5es \u00c9tnico-Raciais<\/a><\/div>","protected":false},"excerpt":{"rendered":"<p>Creusa Barbosa dos Santos Trindade, Ilma Pastana Ferreira, Marco Ant\u00f4nio da Costa Camelo, Maria de F\u00e1tima Pinheiro Carrera (Org.) Em Narrativas Biogr\u00e1ficas de Mulheres Negras, a mem\u00f3ria individual \u00e9 articulada como categoria de an\u00e1lise social e hist\u00f3rica. Organizada por Maria de F\u00e1tima Pinheiro Carrera, Ilma Pastana Ferreira e Marco Ant\u00f4nio da Costa Camelo, a colet\u00e2nea [&hellip;]<\/p>\n","protected":false},"author":4,"featured_media":3635,"comment_status":"open","ping_status":"open","sticky":false,"template":"","format":"standard","meta":{"_uag_custom_page_level_css":"","site-sidebar-layout":"default","site-content-layout":"","ast-site-content-layout":"default","site-content-style":"default","site-sidebar-style":"default","ast-global-header-display":"","ast-banner-title-visibility":"","ast-main-header-display":"","ast-hfb-above-header-display":"","ast-hfb-below-header-display":"","ast-hfb-mobile-header-display":"","site-post-title":"","ast-breadcrumbs-content":"","ast-featured-img":"","footer-sml-layout":"","ast-disable-related-posts":"","theme-transparent-header-meta":"","adv-header-id-meta":"","stick-header-meta":"","header-above-stick-meta":"","header-main-stick-meta":"","header-below-stick-meta":"","astra-migrate-meta-layouts":"default","ast-page-background-enabled":"default","ast-page-background-meta":{"desktop":{"background-color":"var(--ast-global-color-4)","background-image":"","background-repeat":"repeat","background-position":"center center","background-size":"auto","background-attachment":"scroll","background-type":"","background-media":"","overlay-type":"","overlay-color":"","overlay-opacity":"","overlay-gradient":""},"tablet":{"background-color":"","background-image":"","background-repeat":"repeat","background-position":"center center","background-size":"auto","background-attachment":"scroll","background-type":"","background-media":"","overlay-type":"","overlay-color":"","overlay-opacity":"","overlay-gradient":""},"mobile":{"background-color":"","background-image":"","background-repeat":"repeat","background-position":"center center","background-size":"auto","background-attachment":"scroll","background-type":"","background-media":"","overlay-type":"","overlay-color":"","overlay-opacity":"","overlay-gradient":""}},"ast-content-background-meta":{"desktop":{"background-color":"var(--ast-global-color-5)","background-image":"","background-repeat":"repeat","background-position":"center center","background-size":"auto","background-attachment":"scroll","background-type":"","background-media":"","overlay-type":"","overlay-color":"","overlay-opacity":"","overlay-gradient":""},"tablet":{"background-color":"var(--ast-global-color-5)","background-image":"","background-repeat":"repeat","background-position":"center center","background-size":"auto","background-attachment":"scroll","background-type":"","background-media":"","overlay-type":"","overlay-color":"","overlay-opacity":"","overlay-gradient":""},"mobile":{"background-color":"var(--ast-global-color-5)","background-image":"","background-repeat":"repeat","background-position":"center center","background-size":"auto","background-attachment":"scroll","background-type":"","background-media":"","overlay-type":"","overlay-color":"","overlay-opacity":"","overlay-gradient":""}},"footnotes":""},"categories":[494,400,274],"tags":[437,432,434,520,438,433,436,435],"class_list":["post-3636","post","type-post","status-publish","format-standard","has-post-thumbnail","hentry","category-494","category-ciencias-sociais-e-educacao","category-lancamentos","tag-educacao-antirracista","tag-escrevivencia","tag-historia-da-educacao-no-para","tag-identidade-e-genero","tag-intelectuais-negras","tag-mulheres-negras-na-amazonia","tag-narrativas-biograficas","tag-relacoes-etnico-raciais"],"uagb_featured_image_src":{"full":["https:\/\/eduepa.uepa.br\/wp-content\/uploads\/2026\/09\/Narrativas-Biograficas-de-Mulheres-Negras.png",1500,2250,false],"thumbnail":["https:\/\/eduepa.uepa.br\/wp-content\/uploads\/2026\/09\/Narrativas-Biograficas-de-Mulheres-Negras-150x150.png",150,150,true],"medium":["https:\/\/eduepa.uepa.br\/wp-content\/uploads\/2026\/09\/Narrativas-Biograficas-de-Mulheres-Negras-200x300.png",200,300,true],"medium_large":["https:\/\/eduepa.uepa.br\/wp-content\/uploads\/2026\/09\/Narrativas-Biograficas-de-Mulheres-Negras-768x1152.png",768,1152,true],"large":["https:\/\/eduepa.uepa.br\/wp-content\/uploads\/2026\/09\/Narrativas-Biograficas-de-Mulheres-Negras-683x1024.png",683,1024,true],"1536x1536":["https:\/\/eduepa.uepa.br\/wp-content\/uploads\/2026\/09\/Narrativas-Biograficas-de-Mulheres-Negras-1024x1536.png",1024,1536,true],"2048x2048":["https:\/\/eduepa.uepa.br\/wp-content\/uploads\/2026\/09\/Narrativas-Biograficas-de-Mulheres-Negras-1365x2048.png",1365,2048,true]},"uagb_author_info":{"display_name":"Bruna Toscano Gibson","author_link":"https:\/\/eduepa.uepa.br\/?author=4"},"uagb_comment_info":0,"uagb_excerpt":"Creusa Barbosa dos Santos Trindade, Ilma Pastana Ferreira, Marco Ant\u00f4nio da Costa Camelo, Maria de F\u00e1tima Pinheiro Carrera (Org.) Em Narrativas Biogr\u00e1ficas de Mulheres Negras, a mem\u00f3ria individual \u00e9 articulada como categoria de an\u00e1lise social e hist\u00f3rica. Organizada por Maria de F\u00e1tima Pinheiro Carrera, Ilma Pastana Ferreira e Marco Ant\u00f4nio da Costa Camelo, a colet\u00e2nea&hellip;","_links":{"self":[{"href":"https:\/\/eduepa.uepa.br\/index.php?rest_route=\/wp\/v2\/posts\/3636","targetHints":{"allow":["GET"]}}],"collection":[{"href":"https:\/\/eduepa.uepa.br\/index.php?rest_route=\/wp\/v2\/posts"}],"about":[{"href":"https:\/\/eduepa.uepa.br\/index.php?rest_route=\/wp\/v2\/types\/post"}],"author":[{"embeddable":true,"href":"https:\/\/eduepa.uepa.br\/index.php?rest_route=\/wp\/v2\/users\/4"}],"replies":[{"embeddable":true,"href":"https:\/\/eduepa.uepa.br\/index.php?rest_route=%2Fwp%2Fv2%2Fcomments&post=3636"}],"version-history":[{"count":3,"href":"https:\/\/eduepa.uepa.br\/index.php?rest_route=\/wp\/v2\/posts\/3636\/revisions"}],"predecessor-version":[{"id":3639,"href":"https:\/\/eduepa.uepa.br\/index.php?rest_route=\/wp\/v2\/posts\/3636\/revisions\/3639"}],"wp:featuredmedia":[{"embeddable":true,"href":"https:\/\/eduepa.uepa.br\/index.php?rest_route=\/wp\/v2\/media\/3635"}],"wp:attachment":[{"href":"https:\/\/eduepa.uepa.br\/index.php?rest_route=%2Fwp%2Fv2%2Fmedia&parent=3636"}],"wp:term":[{"taxonomy":"category","embeddable":true,"href":"https:\/\/eduepa.uepa.br\/index.php?rest_route=%2Fwp%2Fv2%2Fcategories&post=3636"},{"taxonomy":"post_tag","embeddable":true,"href":"https:\/\/eduepa.uepa.br\/index.php?rest_route=%2Fwp%2Fv2%2Ftags&post=3636"}],"curies":[{"name":"wp","href":"https:\/\/api.w.org\/{rel}","templated":true}]}}