{"id":3629,"date":"2026-08-31T10:42:44","date_gmt":"2026-08-31T13:42:44","guid":{"rendered":"https:\/\/eduepa.uepa.br\/?p=3629"},"modified":"2026-08-31T10:42:44","modified_gmt":"2026-08-31T13:42:44","slug":"formacao-em-educacao-fisica-historia-curriculo-e-atuacao-profissional-viiiseminario-do-ressignificar","status":"publish","type":"post","link":"https:\/\/eduepa.uepa.br\/?p=3629","title":{"rendered":"Forma\u00e7\u00e3o em educa\u00e7\u00e3o f\u00edsica: hist\u00f3ria, curr\u00edculo e atua\u00e7\u00e3o profissional &#8211; VIIISemin\u00e1rio do Ressignificar"},"content":{"rendered":"\n<figure class=\"wp-block-image aligncenter size-large\"><a href=\"https:\/\/eduepa.uepa.br\/wp-content\/uploads\/2026\/08\/Formacao-em-Educacao-Fisica_VIII-Seminario-Ressignificar.pdf\" target=\"_blank\" rel=\" noopener\"><img loading=\"lazy\" decoding=\"async\" width=\"723\" height=\"1024\" src=\"https:\/\/eduepa.uepa.br\/wp-content\/uploads\/2026\/08\/Capa_Livro_Formacao-em-Educacao-Fisica_02-723x1024.jpg\" alt=\"\" class=\"wp-image-3632\" srcset=\"https:\/\/eduepa.uepa.br\/wp-content\/uploads\/2026\/08\/Capa_Livro_Formacao-em-Educacao-Fisica_02-723x1024.jpg 723w, https:\/\/eduepa.uepa.br\/wp-content\/uploads\/2026\/08\/Capa_Livro_Formacao-em-Educacao-Fisica_02-212x300.jpg 212w, https:\/\/eduepa.uepa.br\/wp-content\/uploads\/2026\/08\/Capa_Livro_Formacao-em-Educacao-Fisica_02-768x1088.jpg 768w, https:\/\/eduepa.uepa.br\/wp-content\/uploads\/2026\/08\/Capa_Livro_Formacao-em-Educacao-Fisica_02-1085x1536.jpg 1085w, https:\/\/eduepa.uepa.br\/wp-content\/uploads\/2026\/08\/Capa_Livro_Formacao-em-Educacao-Fisica_02-1446x2048.jpg 1446w, https:\/\/eduepa.uepa.br\/wp-content\/uploads\/2026\/08\/Capa_Livro_Formacao-em-Educacao-Fisica_02.jpg 1742w\" sizes=\"auto, (max-width: 723px) 100vw, 723px\" \/><\/a><\/figure>\n\n\n\n<p class=\"has-text-align-center wp-block-paragraph\"><em>Anibal Correia Brito Neto, Carmen Lilia da Cunha Faro, Marcos Renan Freitas de Oliveira<\/em><\/p>\n\n\n\n<p class=\"wp-block-paragraph\">Fruto do VIII Semin\u00e1rio do Ressignificar, este e-book re\u00fane 72 resumos expandidos que expressam a vitalidade intelectual do grupo de pesquisa da UEPA e a diversidade dos desafios contempor\u00e2neos da Educa\u00e7\u00e3o F\u00edsica. <\/p>\n\n\n\n<p class=\"wp-block-paragraph\">A obra aborda trajet\u00f3rias formativas, pr\u00e1tica docente, precariza\u00e7\u00e3o do trabalho, decoloniza\u00e7\u00e3o curricular, inclus\u00e3o, equidade e o papel da Educa\u00e7\u00e3o F\u00edsica como espa\u00e7o de milit\u00e2ncia e transforma\u00e7\u00e3o social. Entre seus aspectos mais inovadores, destaca-se o di\u00e1logo entre mem\u00f3ria, hist\u00f3ria e contemporaneidade, especialmente na reflex\u00e3o sobre o uso pedag\u00f3gico de tecnologias generativas, como ChatGPT e Gemini. <\/p>\n\n\n\n<p class=\"wp-block-paragraph\">Sens\u00edvel \u00e0s realidades amaz\u00f4nicas, a publica\u00e7\u00e3o fortalece a produ\u00e7\u00e3o acad\u00eamica socialmente qualificada e oferece subs\u00eddios relevantes para estudantes, professores e pesquisadores. Constitui, assim, uma contribui\u00e7\u00e3o significativa para a forma\u00e7\u00e3o em Educa\u00e7\u00e3o F\u00edsica e para a comunidade acad\u00eamica da UEPA.<\/p>\n\n\n<div class=\"taxonomy-post_tag wp-block-post-terms\"><a href=\"https:\/\/eduepa.uepa.br\/?tag=atuacao-profissional-em-educacao-fisica\" rel=\"tag\">Atua\u00e7\u00e3o Profissional em Educa\u00e7\u00e3o F\u00edsica<\/a><span class=\"wp-block-post-terms__separator\">, <\/span><a href=\"https:\/\/eduepa.uepa.br\/?tag=cultura-corporal\" rel=\"tag\">Cultura Corporal<\/a><span class=\"wp-block-post-terms__separator\">, <\/span><a href=\"https:\/\/eduepa.uepa.br\/?tag=curriculo-e-educacao-fisica\" rel=\"tag\">Curr\u00edculo e Educa\u00e7\u00e3o F\u00edsica<\/a><span class=\"wp-block-post-terms__separator\">, <\/span><a href=\"https:\/\/eduepa.uepa.br\/?tag=educacao-fisica-escolar\" rel=\"tag\">Educa\u00e7\u00e3o F\u00edsica Escolar<\/a><span class=\"wp-block-post-terms__separator\">, <\/span><a href=\"https:\/\/eduepa.uepa.br\/?tag=educacao-fisica-na-amazonia-paraense\" rel=\"tag\">Educa\u00e7\u00e3o F\u00edsica na Amaz\u00f4nia Paraense<\/a><span class=\"wp-block-post-terms__separator\">, <\/span><a href=\"https:\/\/eduepa.uepa.br\/?tag=formacao-de-professores\" rel=\"tag\">forma\u00e7\u00e3o de professores<\/a><span class=\"wp-block-post-terms__separator\">, <\/span><a href=\"https:\/\/eduepa.uepa.br\/?tag=formacao-em-educacao-fisica\" rel=\"tag\">Forma\u00e7\u00e3o em Educa\u00e7\u00e3o F\u00edsica<\/a><span class=\"wp-block-post-terms__separator\">, <\/span><a href=\"https:\/\/eduepa.uepa.br\/?tag=pratica-pedagogica\" rel=\"tag\">Pr\u00e1tica pedag\u00f3gica<\/a><\/div>","protected":false},"excerpt":{"rendered":"<p>Anibal Correia Brito Neto, Carmen Lilia da Cunha Faro, Marcos Renan Freitas de Oliveira Fruto do VIII Semin\u00e1rio do Ressignificar, este e-book re\u00fane 72 resumos expandidos que expressam a vitalidade intelectual do grupo de pesquisa da UEPA e a diversidade dos desafios contempor\u00e2neos da Educa\u00e7\u00e3o F\u00edsica. A obra aborda trajet\u00f3rias formativas, pr\u00e1tica docente, precariza\u00e7\u00e3o do [&hellip;]<\/p>\n","protected":false},"author":4,"featured_media":3632,"comment_status":"open","ping_status":"open","sticky":false,"template":"","format":"standard","meta":{"_uag_custom_page_level_css":"","site-sidebar-layout":"default","site-content-layout":"","ast-site-content-layout":"default","site-content-style":"default","site-sidebar-style":"default","ast-global-header-display":"","ast-banner-title-visibility":"","ast-main-header-display":"","ast-hfb-above-header-display":"","ast-hfb-below-header-display":"","ast-hfb-mobile-header-display":"","site-post-title":"","ast-breadcrumbs-content":"","ast-featured-img":"","footer-sml-layout":"","ast-disable-related-posts":"","theme-transparent-header-meta":"","adv-header-id-meta":"","stick-header-meta":"","header-above-stick-meta":"","header-main-stick-meta":"","header-below-stick-meta":"","astra-migrate-meta-layouts":"default","ast-page-background-enabled":"default","ast-page-background-meta":{"desktop":{"background-color":"var(--ast-global-color-4)","background-image":"","background-repeat":"repeat","background-position":"center center","background-size":"auto","background-attachment":"scroll","background-type":"","background-media":"","overlay-type":"","overlay-color":"","overlay-opacity":"","overlay-gradient":""},"tablet":{"background-color":"","background-image":"","background-repeat":"repeat","background-position":"center center","background-size":"auto","background-attachment":"scroll","background-type":"","background-media":"","overlay-type":"","overlay-color":"","overlay-opacity":"","overlay-gradient":""},"mobile":{"background-color":"","background-image":"","background-repeat":"repeat","background-position":"center center","background-size":"auto","background-attachment":"scroll","background-type":"","background-media":"","overlay-type":"","overlay-color":"","overlay-opacity":"","overlay-gradient":""}},"ast-content-background-meta":{"desktop":{"background-color":"var(--ast-global-color-5)","background-image":"","background-repeat":"repeat","background-position":"center center","background-size":"auto","background-attachment":"scroll","background-type":"","background-media":"","overlay-type":"","overlay-color":"","overlay-opacity":"","overlay-gradient":""},"tablet":{"background-color":"var(--ast-global-color-5)","background-image":"","background-repeat":"repeat","background-position":"center center","background-size":"auto","background-attachment":"scroll","background-type":"","background-media":"","overlay-type":"","overlay-color":"","overlay-opacity":"","overlay-gradient":""},"mobile":{"background-color":"var(--ast-global-color-5)","background-image":"","background-repeat":"repeat","background-position":"center center","background-size":"auto","background-attachment":"scroll","background-type":"","background-media":"","overlay-type":"","overlay-color":"","overlay-opacity":"","overlay-gradient":""}},"footnotes":""},"categories":[447,32,30,274],"tags":[518,515,516,517,519,76,514,115],"class_list":["post-3629","post","type-post","status-publish","format-standard","has-post-thumbnail","hentry","category-e-books-de-2026","category-e-anais-e-eventos","category-e-ciencias-biologicas-e-da-saude","category-lancamentos","tag-atuacao-profissional-em-educacao-fisica","tag-cultura-corporal","tag-curriculo-e-educacao-fisica","tag-educacao-fisica-escolar","tag-educacao-fisica-na-amazonia-paraense","tag-formacao-de-professores","tag-formacao-em-educacao-fisica","tag-pratica-pedagogica"],"uagb_featured_image_src":{"full":["https:\/\/eduepa.uepa.br\/wp-content\/uploads\/2026\/08\/Capa_Livro_Formacao-em-Educacao-Fisica_02.jpg",1742,2467,false],"thumbnail":["https:\/\/eduepa.uepa.br\/wp-content\/uploads\/2026\/08\/Capa_Livro_Formacao-em-Educacao-Fisica_02-150x150.jpg",150,150,true],"medium":["https:\/\/eduepa.uepa.br\/wp-content\/uploads\/2026\/08\/Capa_Livro_Formacao-em-Educacao-Fisica_02-212x300.jpg",212,300,true],"medium_large":["https:\/\/eduepa.uepa.br\/wp-content\/uploads\/2026\/08\/Capa_Livro_Formacao-em-Educacao-Fisica_02-768x1088.jpg",768,1088,true],"large":["https:\/\/eduepa.uepa.br\/wp-content\/uploads\/2026\/08\/Capa_Livro_Formacao-em-Educacao-Fisica_02-723x1024.jpg",723,1024,true],"1536x1536":["https:\/\/eduepa.uepa.br\/wp-content\/uploads\/2026\/08\/Capa_Livro_Formacao-em-Educacao-Fisica_02-1085x1536.jpg",1085,1536,true],"2048x2048":["https:\/\/eduepa.uepa.br\/wp-content\/uploads\/2026\/08\/Capa_Livro_Formacao-em-Educacao-Fisica_02-1446x2048.jpg",1446,2048,true]},"uagb_author_info":{"display_name":"Bruna Toscano Gibson","author_link":"https:\/\/eduepa.uepa.br\/?author=4"},"uagb_comment_info":0,"uagb_excerpt":"Anibal Correia Brito Neto, Carmen Lilia da Cunha Faro, Marcos Renan Freitas de Oliveira Fruto do VIII Semin\u00e1rio do Ressignificar, este e-book re\u00fane 72 resumos expandidos que expressam a vitalidade intelectual do grupo de pesquisa da UEPA e a diversidade dos desafios contempor\u00e2neos da Educa\u00e7\u00e3o F\u00edsica. A obra aborda trajet\u00f3rias formativas, pr\u00e1tica docente, precariza\u00e7\u00e3o do&hellip;","_links":{"self":[{"href":"https:\/\/eduepa.uepa.br\/index.php?rest_route=\/wp\/v2\/posts\/3629","targetHints":{"allow":["GET"]}}],"collection":[{"href":"https:\/\/eduepa.uepa.br\/index.php?rest_route=\/wp\/v2\/posts"}],"about":[{"href":"https:\/\/eduepa.uepa.br\/index.php?rest_route=\/wp\/v2\/types\/post"}],"author":[{"embeddable":true,"href":"https:\/\/eduepa.uepa.br\/index.php?rest_route=\/wp\/v2\/users\/4"}],"replies":[{"embeddable":true,"href":"https:\/\/eduepa.uepa.br\/index.php?rest_route=%2Fwp%2Fv2%2Fcomments&post=3629"}],"version-history":[{"count":2,"href":"https:\/\/eduepa.uepa.br\/index.php?rest_route=\/wp\/v2\/posts\/3629\/revisions"}],"predecessor-version":[{"id":3634,"href":"https:\/\/eduepa.uepa.br\/index.php?rest_route=\/wp\/v2\/posts\/3629\/revisions\/3634"}],"wp:featuredmedia":[{"embeddable":true,"href":"https:\/\/eduepa.uepa.br\/index.php?rest_route=\/wp\/v2\/media\/3632"}],"wp:attachment":[{"href":"https:\/\/eduepa.uepa.br\/index.php?rest_route=%2Fwp%2Fv2%2Fmedia&parent=3629"}],"wp:term":[{"taxonomy":"category","embeddable":true,"href":"https:\/\/eduepa.uepa.br\/index.php?rest_route=%2Fwp%2Fv2%2Fcategories&post=3629"},{"taxonomy":"post_tag","embeddable":true,"href":"https:\/\/eduepa.uepa.br\/index.php?rest_route=%2Fwp%2Fv2%2Ftags&post=3629"}],"curies":[{"name":"wp","href":"https:\/\/api.w.org\/{rel}","templated":true}]}}